{"id":2742,"date":"2021-12-16T12:02:01","date_gmt":"2021-12-16T11:02:01","guid":{"rendered":"https:\/\/barentsmagazine.com\/transporter\/?p=2742"},"modified":"2021-12-16T12:08:13","modified_gmt":"2021-12-16T11:08:13","slug":"elbussar-inte-utan-problem","status":"publish","type":"post","link":"https:\/\/barentsmagazine.com\/transporter\/elbussar-inte-utan-problem\/","title":{"rendered":"Elbussar, inte utan problem"},"content":{"rendered":"\t\t<div data-elementor-type=\"wp-post\" data-elementor-id=\"2742\" class=\"elementor elementor-2742\">\n\t\t\t\t\t\t\t\t\t<section class=\"elementor-section elementor-top-section elementor-element elementor-element-e2688ba elementor-section-boxed elementor-section-height-default elementor-section-height-default\" data-id=\"e2688ba\" data-element_type=\"section\">\n\t\t\t\t\t\t<div class=\"elementor-container elementor-column-gap-default\">\n\t\t\t\t\t<div class=\"elementor-column elementor-col-100 elementor-top-column elementor-element elementor-element-6e19d0c\" data-id=\"6e19d0c\" data-element_type=\"column\">\n\t\t\t<div class=\"elementor-widget-wrap elementor-element-populated\">\n\t\t\t\t\t\t\t\t<div class=\"elementor-element elementor-element-60824ee elementor-widget elementor-widget-text-editor\" data-id=\"60824ee\" data-element_type=\"widget\" data-widget_type=\"text-editor.default\">\n\t\t\t\t<div class=\"elementor-widget-container\">\n\t\t\t<style>\/*! elementor - v3.13.0 - 04-05-2023 *\/\n.elementor-widget-text-editor.elementor-drop-cap-view-stacked .elementor-drop-cap{background-color:#69727d;color:#fff}.elementor-widget-text-editor.elementor-drop-cap-view-framed .elementor-drop-cap{color:#69727d;border:3px solid;background-color:transparent}.elementor-widget-text-editor:not(.elementor-drop-cap-view-default) .elementor-drop-cap{margin-top:8px}.elementor-widget-text-editor:not(.elementor-drop-cap-view-default) .elementor-drop-cap-letter{width:1em;height:1em}.elementor-widget-text-editor .elementor-drop-cap{float:left;text-align:center;line-height:1;font-size:50px}.elementor-widget-text-editor .elementor-drop-cap-letter{display:inline-block}<\/style>\t\t\t\t<p style=\"line-height: 105%; margin: 0cm 0cm 7.95pt 0cm;\">I mer \u00e4n tio \u00e5r har Ume\u00e5 kommun gjort en l\u00e5ngsiktig satsning p\u00e5 att g\u00e5 \u00f6ver till eldrivna bussar. Idag rullar 25 elbussar i stadens lokaltrafik. Det \u00e4r den mest ambiti\u00f6sa satsningen i landet.<\/p>\t\t\t\t\t\t<\/div>\n\t\t\t\t<\/div>\n\t\t\t\t\t<\/div>\n\t\t<\/div>\n\t\t\t\t\t\t\t<\/div>\n\t\t<\/section>\n\t\t\t\t<section class=\"elementor-section elementor-top-section elementor-element elementor-element-755b921 elementor-section-boxed elementor-section-height-default elementor-section-height-default\" data-id=\"755b921\" data-element_type=\"section\">\n\t\t\t\t\t\t<div class=\"elementor-container elementor-column-gap-default\">\n\t\t\t\t\t<div class=\"elementor-column elementor-col-100 elementor-top-column elementor-element elementor-element-af0125a\" data-id=\"af0125a\" data-element_type=\"column\">\n\t\t\t<div class=\"elementor-widget-wrap elementor-element-populated\">\n\t\t\t\t\t\t\t\t<div class=\"elementor-element elementor-element-955443e elementor-widget elementor-widget-spacer\" data-id=\"955443e\" data-element_type=\"widget\" data-widget_type=\"spacer.default\">\n\t\t\t\t<div class=\"elementor-widget-container\">\n\t\t\t<style>\/*! elementor - v3.13.0 - 04-05-2023 *\/\n.elementor-column .elementor-spacer-inner{height:var(--spacer-size)}.e-con{--container-widget-width:100%}.e-con-inner>.elementor-widget-spacer,.e-con>.elementor-widget-spacer{width:var(--container-widget-width,var(--spacer-size));--align-self:var(--container-widget-align-self,initial);--flex-shrink:0}.e-con-inner>.elementor-widget-spacer>.elementor-widget-container,.e-con-inner>.elementor-widget-spacer>.elementor-widget-container>.elementor-spacer,.e-con>.elementor-widget-spacer>.elementor-widget-container,.e-con>.elementor-widget-spacer>.elementor-widget-container>.elementor-spacer{height:100%}.e-con-inner>.elementor-widget-spacer>.elementor-widget-container>.elementor-spacer>.elementor-spacer-inner,.e-con>.elementor-widget-spacer>.elementor-widget-container>.elementor-spacer>.elementor-spacer-inner{height:var(--container-widget-height,var(--spacer-size))}<\/style>\t\t<div class=\"elementor-spacer\">\n\t\t\t<div class=\"elementor-spacer-inner\"><\/div>\n\t\t<\/div>\n\t\t\t\t<\/div>\n\t\t\t\t<\/div>\n\t\t\t\t\t<\/div>\n\t\t<\/div>\n\t\t\t\t\t\t\t<\/div>\n\t\t<\/section>\n\t\t\t\t<section class=\"elementor-section elementor-top-section elementor-element elementor-element-15fa6c8 elementor-section-boxed elementor-section-height-default elementor-section-height-default\" data-id=\"15fa6c8\" data-element_type=\"section\">\n\t\t\t\t\t\t<div class=\"elementor-container elementor-column-gap-default\">\n\t\t\t\t\t<div class=\"elementor-column elementor-col-100 elementor-top-column elementor-element elementor-element-1f39af5\" data-id=\"1f39af5\" data-element_type=\"column\">\n\t\t\t<div class=\"elementor-widget-wrap elementor-element-populated\">\n\t\t\t\t\t\t\t\t<div class=\"elementor-element elementor-element-508598c elementor-widget elementor-widget-text-editor\" data-id=\"508598c\" data-element_type=\"widget\" data-widget_type=\"text-editor.default\">\n\t\t\t\t<div class=\"elementor-widget-container\">\n\t\t\t\t\t\t\t<p>Vi \u00e5ker med busschauff\u00f6ren Patrik Hockum som den h\u00e4r dagen k\u00f6r linje 1 mellan \u00d6stra Ersboda i norra delen av Ume\u00e5 till Umedalen l\u00e4ngst i v\u00e4ster. N\u00e4r vi kommer fram till v\u00e4ndplanen i \u00d6stra Ersboda st\u00e5r en annan buss och laddar, s\u00e5 vi f\u00e5r v\u00e4nta n\u00e5gra minuter.<\/p><p>&#8211; N\u00e4r allt funkar som det ska \u00e4r det gudomligt att k\u00f6ra elbuss. Du slipper motorljudet. Det \u00e4r bra f\u00f6r passagerarna ocks\u00e5, som l\u00e4ttare kan h\u00f6ra utropen. Dessutom ger elbussen en mjukare k\u00f6rning, eftersom det inte finns n\u00e5gra v\u00e4xlingsl\u00e4gen, s\u00e4ger Patrik.<\/p><p>Han har k\u00f6rt lokalbuss i Ume\u00e5 i ungef\u00e4r 20 \u00e5r, s\u00e5 han har en gedigen erfarenhet. Men det \u00e4r inte alltid allt fungerar som det ska. Anledningen till att vi m\u00e5ste v\u00e4nta \u00e4r att det \u00e4r ett tekniskt fel p\u00e5 den andra av de b\u00e5da laddstationerna.<br \/>-Det \u00e4r v\u00e4ldigt s\u00e4llan att allt fungerar precis som det ska, konstaterar Patrik Hockum.<\/p>\t\t\t\t\t\t<\/div>\n\t\t\t\t<\/div>\n\t\t\t\t\t<\/div>\n\t\t<\/div>\n\t\t\t\t\t\t\t<\/div>\n\t\t<\/section>\n\t\t\t\t<section class=\"elementor-section elementor-top-section elementor-element elementor-element-2c6beda elementor-section-boxed elementor-section-height-default elementor-section-height-default\" data-id=\"2c6beda\" data-element_type=\"section\">\n\t\t\t\t\t\t<div class=\"elementor-container elementor-column-gap-default\">\n\t\t\t\t\t<div class=\"elementor-column elementor-col-100 elementor-top-column elementor-element elementor-element-c8e8155\" data-id=\"c8e8155\" data-element_type=\"column\">\n\t\t\t<div class=\"elementor-widget-wrap elementor-element-populated\">\n\t\t\t\t\t\t\t\t<div class=\"elementor-element elementor-element-6cce260 elementor-widget elementor-widget-image\" data-id=\"6cce260\" data-element_type=\"widget\" data-widget_type=\"image.default\">\n\t\t\t\t<div class=\"elementor-widget-container\">\n\t\t\t<style>\/*! elementor - v3.13.0 - 04-05-2023 *\/\n.elementor-widget-image{text-align:center}.elementor-widget-image a{display:inline-block}.elementor-widget-image a img[src$=\".svg\"]{width:48px}.elementor-widget-image img{vertical-align:middle;display:inline-block}<\/style>\t\t\t\t\t\t\t\t\t\t\t\t<img decoding=\"async\" src=\"https:\/\/barentsmagazine.com\/transporter\/wp-content\/uploads\/sites\/5\/2021\/12\/ABEL_transport_14.jpg\" class=\"attachment-full size-full wp-image-2745\" alt=\"\" loading=\"lazy\" \/>\t\t\t\t\t\t\t\t\t\t\t\t\t\t\t<\/div>\n\t\t\t\t<\/div>\n\t\t\t\t\t<\/div>\n\t\t<\/div>\n\t\t\t\t\t\t\t<\/div>\n\t\t<\/section>\n\t\t\t\t<section class=\"elementor-section elementor-top-section elementor-element elementor-element-e2fb721 elementor-section-boxed elementor-section-height-default elementor-section-height-default\" data-id=\"e2fb721\" data-element_type=\"section\">\n\t\t\t\t\t\t<div class=\"elementor-container elementor-column-gap-default\">\n\t\t\t\t\t<div class=\"elementor-column elementor-col-100 elementor-top-column elementor-element elementor-element-0ab41ef\" data-id=\"0ab41ef\" data-element_type=\"column\">\n\t\t\t<div class=\"elementor-widget-wrap elementor-element-populated\">\n\t\t\t\t\t\t\t\t<div class=\"elementor-element elementor-element-32d11e5 elementor-widget elementor-widget-text-editor\" data-id=\"32d11e5\" data-element_type=\"widget\" data-widget_type=\"text-editor.default\">\n\t\t\t\t<div class=\"elementor-widget-container\">\n\t\t\t\t\t\t\t<p>N\u00e4r det blir v\u00e5r tur k\u00f6r Patrik in bussen till exakt r\u00e4tt plats under laddaren och f\u00e4ller upp en str\u00f6mavtagare som sitter p\u00e5 bussens tak.<\/p><p>&#8211; Det var 49 procent kvar i batteriet och bussbolaget vill inte att vi ska g\u00e5 under 60 procents laddning. <br \/>N\u00e4r Patrik tittar p\u00e5 bussens display igen ser han att n\u00e5got \u00e4r fel. Laddningen har inte satt ig\u00e5ng. Efter n\u00e5gra f\u00f6rs\u00f6k ger han upp. Det \u00e4r n\u00e5got som kr\u00e5nglar med den laddare som tidigare fungerat utan problem. Efter ett samtal med trafikledningen blir slutsatsen att de 45 procent som nu finns kvar i batteriet borde r\u00e4cka f\u00f6r att k\u00f6ra till Umedalen.<br \/>&#8211; Jag st\u00e4nger av AC:n och innerbelysningen och k\u00f6r mjukt. D\u00e5 ska det nog g\u00e5 bra.<\/p><p>Bussen rullar iv\u00e4g och vi h\u00e5ller tummarna f\u00f6r att Patrik elen ska r\u00e4cka hela v\u00e4gen till n\u00e4sta laddstation.<\/p><p>N\u00e4r Ume\u00e5 kommun 2011 best\u00e4mde sig f\u00f6r att g\u00f6ra en l\u00e5ngsiktig satsning p\u00e5 elbussar var detta en l\u00e5ngt ifr\u00e5n sj\u00e4lvklar id\u00e9. Luftkvalit\u00e9n i centrum var d\u00e5lig, s\u00e5 det fanns ett behov av att minska avgasutsl\u00e4ppen. Kommunen hade uppvaktats av en lokal uppfinnare som f\u00f6reslog att kommunen skulle satsa p\u00e5 att bygga om bussar till batteridrift.<\/p><p>&#8211; Vi skickade in en ans\u00f6kan till Vinnova om bidrag till att bygga om n\u00e5gra Volvobussar och testa dem i trafik. Vi fick svaret att det var ett om\u00f6jligt projekt. Trots det kom vi fram till att vi skulle genomf\u00f6ra satsningen via Ume\u00e5 kommunf\u00f6retag. Dagen innan beslutet skulle tas brann uppfinnaren Boh Westerlunds verksamhet ner. Men politikerna tog beslutet \u00e4nd\u00e5 och 2011 byggdes tv\u00e5 bussar om, s\u00e4ger Fredrik Forsell, kollektivtrafikchef i Ume\u00e5.<\/p><p>Volvo som inte hade varit intresserade n\u00e4r Ume\u00e5 kommun kontaktade dem n\u00e5gra \u00e5r tidigare best\u00e4mde sig 2013 f\u00f6r att satsa p\u00e5 elbussar. Detta skapade b\u00e4ttre f\u00f6ruts\u00e4ttningar f\u00f6r att forts\u00e4tta satsningen i st\u00f6rre skala.<\/p><p>&#8211; N\u00e4r busstrafiken skulle upphandlas 2014 fick vi en anledning att fundera p\u00e5 hur vi skulle g\u00e5 vidare. Vi trodde att vi t\u00e4nkt r\u00e4tt, s\u00e5 i upphandlingsunderlaget sa vi att vi skulle elektrifiera v\u00e5ra tv\u00e5 st\u00f6rsta busslinjer, konstaterar Fredrik Forsell. <br \/>Vid n\u00e4sta upphandling, 2019, fanns det redan betydligt fler t\u00e4nkbara leverant\u00f6rer av bussar och satsningen ut\u00f6kades. Nu rullar 25 elbussar p\u00e5 Ume\u00e5s gator. Det g\u00f6r att Ume\u00e5 \u00e4r den kommun som har den st\u00f6rsta andelen elbussar i lokaltrafiken.<\/p><p>Att vara f\u00f6reg\u00e5ngare med att g\u00e5 \u00f6ver till en ny teknologi inneb\u00e4r f\u00f6rst\u00e5s extrakostnader. Men Fredrik Forsell menar att kostnadsskillnaden numera \u00e4r liten mellan el-och dieselbussar. Den extra tiden f\u00f6r snabbladdning vid \u00e4ndh\u00e5llplatserna inneb\u00e4r att det kr\u00e4vs 25 elbussar f\u00f6r att h\u00e5lla ig\u00e5ng trafiken p\u00e5 de tv\u00e5 viktigaste linjerna. Med dieselbussar hade det beh\u00f6vts 23.<br \/>-L\u00e5ngsiktigt kommer det att vara kostnadsneutralt och s\u00e5 sm\u00e5ningom kommer elbussarna till och med att kosta mindre \u00e4n dieselbussarna, menar han.<\/p><p><em>I Murmansk har man valt att satsa p\u00e5 tr\u00e5dbussar. Skulle det kunna vara ett alternativ \u00e4ven i Ume\u00e5?<br \/><\/em>-Vi har utrett fr\u00e5gan och kommit fram till att det finns problem med tr\u00e5dbussar. I centrala delar av staden kommer det att bli en diskussion om ledningarna passar in i stadsmilj\u00f6n. Sedan inneb\u00e4r tr\u00e5dbussar att du inte kan byta f\u00e4rdv\u00e4g. Med batteribussar g\u00e5r det att v\u00e4lja alternativa f\u00e4rdv\u00e4gar om det beh\u00f6vs, s\u00e4ger Fredrik Forsell.<\/p><p>Bussen p\u00e5 linje 1 har passerat sjukhuset, Ume\u00e5s centrum och tagit sig uppf\u00f6r det l\u00e5nga motlutet ut mot Umedalen, \u00e4nda fram till v\u00e4ndplanen i en liten skogsdunge.<\/p><p>&#8211; Det gick bra. Det \u00e4r fortfarande 25 procent kvar, konstaterar Patrik.<br \/>Han ansluter bussen till laddaren och den h\u00e4r g\u00e5ngen fungerar det perfekt. 10 minuter senare har bussen med god marginal f\u00e5tt tillr\u00e4ckligt med el f\u00f6r att ge sig ut p\u00e5 en nytt varv mellan Umedalen och \u00d6stra Ersboda.<\/p>\t\t\t\t\t\t<\/div>\n\t\t\t\t<\/div>\n\t\t\t\t\t<\/div>\n\t\t<\/div>\n\t\t\t\t\t\t\t<\/div>\n\t\t<\/section>\n\t\t\t\t<section class=\"elementor-section elementor-top-section elementor-element elementor-element-6678c4f elementor-section-boxed elementor-section-height-default elementor-section-height-default\" data-id=\"6678c4f\" data-element_type=\"section\">\n\t\t\t\t\t\t<div class=\"elementor-container elementor-column-gap-default\">\n\t\t\t\t\t<div class=\"elementor-column elementor-col-100 elementor-top-column elementor-element elementor-element-3a078a6\" data-id=\"3a078a6\" data-element_type=\"column\">\n\t\t\t<div class=\"elementor-widget-wrap elementor-element-populated\">\n\t\t\t\t\t\t\t\t<div class=\"elementor-element elementor-element-db76e74 elementor-widget elementor-widget-text-editor\" data-id=\"db76e74\" data-element_type=\"widget\" data-widget_type=\"text-editor.default\">\n\t\t\t\t<div class=\"elementor-widget-container\">\n\t\t\t\t\t\t\t<h5>Arne M\u00fcller, text<br \/>Erik Abel, foto<\/h5>\t\t\t\t\t\t<\/div>\n\t\t\t\t<\/div>\n\t\t\t\t\t<\/div>\n\t\t<\/div>\n\t\t\t\t\t\t\t<\/div>\n\t\t<\/section>\n\t\t\t\t\t\t\t<\/div>\n\t\t<div class=\"cats\"><span class=\"cats__title\">Categories<\/span><a href=\"https:\/\/barentsmagazine.com\/transporter\/category\/sverige\/\" rel=\"category tag\">Sverige<\/a><\/div>","protected":false},"excerpt":{"rendered":"<p>I mer \u00e4n tio \u00e5r har Ume\u00e5 kommun gjort en l\u00e5ngsiktig satsning p\u00e5 att g\u00e5 \u00f6ver till eldrivna bussar. Idag rullar 25 elbussar i stadens..<\/p>\n","protected":false},"author":1,"featured_media":2743,"comment_status":"closed","ping_status":"open","sticky":false,"template":"","format":"standard","meta":[],"categories":[16],"tags":[],"_links":{"self":[{"href":"https:\/\/barentsmagazine.com\/transporter\/wp-json\/wp\/v2\/posts\/2742"}],"collection":[{"href":"https:\/\/barentsmagazine.com\/transporter\/wp-json\/wp\/v2\/posts"}],"about":[{"href":"https:\/\/barentsmagazine.com\/transporter\/wp-json\/wp\/v2\/types\/post"}],"author":[{"embeddable":true,"href":"https:\/\/barentsmagazine.com\/transporter\/wp-json\/wp\/v2\/users\/1"}],"replies":[{"embeddable":true,"href":"https:\/\/barentsmagazine.com\/transporter\/wp-json\/wp\/v2\/comments?post=2742"}],"version-history":[{"count":5,"href":"https:\/\/barentsmagazine.com\/transporter\/wp-json\/wp\/v2\/posts\/2742\/revisions"}],"predecessor-version":[{"id":2749,"href":"https:\/\/barentsmagazine.com\/transporter\/wp-json\/wp\/v2\/posts\/2742\/revisions\/2749"}],"wp:featuredmedia":[{"embeddable":true,"href":"https:\/\/barentsmagazine.com\/transporter\/wp-json\/wp\/v2\/media\/2743"}],"wp:attachment":[{"href":"https:\/\/barentsmagazine.com\/transporter\/wp-json\/wp\/v2\/media?parent=2742"}],"wp:term":[{"taxonomy":"category","embeddable":true,"href":"https:\/\/barentsmagazine.com\/transporter\/wp-json\/wp\/v2\/categories?post=2742"},{"taxonomy":"post_tag","embeddable":true,"href":"https:\/\/barentsmagazine.com\/transporter\/wp-json\/wp\/v2\/tags?post=2742"}],"curies":[{"name":"wp","href":"https:\/\/api.w.org\/{rel}","templated":true}]}}