{"id":35,"date":"2022-11-28T10:27:28","date_gmt":"2022-11-28T09:27:28","guid":{"rendered":"https:\/\/barentsmagazine.com\/karlek\/?p=35"},"modified":"2022-11-29T12:57:31","modified_gmt":"2022-11-29T11:57:31","slug":"en-pandemi-och-tre-granser-knackte-inte-parets-karlek","status":"publish","type":"post","link":"https:\/\/barentsmagazine.com\/karlek\/2022\/11\/28\/en-pandemi-och-tre-granser-knackte-inte-parets-karlek\/","title":{"rendered":"En pandemi och tre gr\u00e4nser kn\u00e4ckte inte parets k\u00e4rlek"},"content":{"rendered":"\n<p class=\"intro\">Mathias Larsson har jobbat som naturbevakare f\u00f6r l\u00e4nsstyrelsen i 28 \u00e5r. Ett jobb som han \u00e4lskar. Men under pandemin st\u00e4lldes k\u00e4rleken till b\u00e5de jobbet och frun Inga p\u00e5 prov n\u00e4r gr\u00e4nserna pl\u00f6tsligt st\u00e4ngdes. F\u00f6r Mathias har sitt jobb i Sverige, bor i Finland under veckorna samtidigt som han har sin familj i Norge. <\/p>\n\n\n\n<p>I b\u00f6rjan av 2020 \u00f6verraskades v\u00e4rlden av Coronaviruset Covid-19.&nbsp; En global pandemi som kom att drabba miljontals m\u00e4nniskor p\u00e5 olika s\u00e4tt. Gr\u00e4nsst\u00e4ngningar gjorde att naturbevakaren Mathias Larsson fick leva veckovis i ovisshet om n\u00e4r han fick se frun och dottern igen.<\/p>\n\n\n\n<p>\u2013 Vi vuxna klarar ju oss, men n\u00e4r min dotter drabbades kunde k\u00e4nna en viss irritation och jag f\u00f6rs\u00f6kte p\u00e5peka f\u00f6r vakterna att det finns n\u00e5got som heter barnkonventionen. Men jag kom \u00e4nd\u00e5 inte \u00f6ver gr\u00e4nsen, s\u00e4ger Mathias Larsson.<\/p>\n\n\n\n<p>Paret Inga och Mathias bor i Kautokeino. Mathias har 14 mil till jobbet i Karesuando. Under resans g\u00e5ng passerar han b\u00e5de norska finska och finsk svenska gr\u00e4nsen. N\u00e5got som han gjort i \u00e5ratal utan att \u00e4gna s\u00e5 tid att t\u00e4nka p\u00e5 det.<\/p>\n\n\n\n<p><strong>N\u00e4r pandemin var ett faktum<\/strong> befann sig Mathias hemma i Kautokeino. Redan samma kv\u00e4ll satte han sig i bilen, och passerade gr\u00e4nserna f\u00f6r att ta sig till jobbet i Sverige. Med i bilen hade han sin mor och 8-\u00e5riga dotter som skulle h\u00e4lsa p\u00e5 sin farmor i T\u00e4rnaby.<\/p>\n\n\n\n<p>\u2013 Det var redan vakter p\u00e5 plats som kontrollerade v\u00e5ra pass och jag kommer ih\u00e5g att dottern fr\u00e5gade om det var krig.<\/p>\n\n\n\n<p>Mathias brukar vanligtvis pendla hem p\u00e5 helgerna. De gick bra i n\u00e5gra veckor, men sen st\u00e4ngde Finland och Norge gr\u00e4nsen och Mathias fick tillbringa p\u00e5sken ensam i en stuga i Keinovuopio, vid finsk svenska gr\u00e4ns\u00e4lven.<\/p>\n\n\n<div class=\"wp-block-image\">\n<figure class=\"aligncenter size-large\"><img decoding=\"async\" loading=\"lazy\" width=\"1024\" height=\"683\" src=\"https:\/\/barentsmagazine.com\/karlek\/wp-content\/uploads\/sites\/14\/2022\/11\/MathiasLarsson2-1024x683.jpeg\" alt=\"\" class=\"wp-image-42\" srcset=\"https:\/\/barentsmagazine.com\/karlek\/wp-content\/uploads\/sites\/14\/2022\/11\/MathiasLarsson2-1024x683.jpeg 1024w, https:\/\/barentsmagazine.com\/karlek\/wp-content\/uploads\/sites\/14\/2022\/11\/MathiasLarsson2-300x200.jpeg 300w, https:\/\/barentsmagazine.com\/karlek\/wp-content\/uploads\/sites\/14\/2022\/11\/MathiasLarsson2-768x512.jpeg 768w, https:\/\/barentsmagazine.com\/karlek\/wp-content\/uploads\/sites\/14\/2022\/11\/MathiasLarsson2-1536x1024.jpeg 1536w, https:\/\/barentsmagazine.com\/karlek\/wp-content\/uploads\/sites\/14\/2022\/11\/MathiasLarsson2-2048x1365.jpeg 2048w, https:\/\/barentsmagazine.com\/karlek\/wp-content\/uploads\/sites\/14\/2022\/11\/MathiasLarsson2-450x300.jpeg 450w, https:\/\/barentsmagazine.com\/karlek\/wp-content\/uploads\/sites\/14\/2022\/11\/MathiasLarsson2-1200x800.jpeg 1200w, https:\/\/barentsmagazine.com\/karlek\/wp-content\/uploads\/sites\/14\/2022\/11\/MathiasLarsson2-1360x907.jpeg 1360w, https:\/\/barentsmagazine.com\/karlek\/wp-content\/uploads\/sites\/14\/2022\/11\/MathiasLarsson2-800x533.jpeg 800w, https:\/\/barentsmagazine.com\/karlek\/wp-content\/uploads\/sites\/14\/2022\/11\/MathiasLarsson2-2000x1333.jpeg 2000w\" sizes=\"(max-width: 1024px) 100vw, 1024px\" \/><figcaption class=\"wp-element-caption\"><em>Mathias Larsson, naturbevakare, r\u00f6r sig oftast fritt i gr\u00e4nslandet mellan Sverige, Norge och Finland. Foto: Lars-Ola Marakatt.<\/em><\/figcaption><\/figure><\/div>\n\n\n<p><strong><em>Hur var det n\u00e4r landsgr\u00e4nserna st\u00e4ngdes?<\/em><\/strong><\/p>\n\n\n\n<p>\u2013 Man \u00e4r s\u00e5 ovan situationen. Lite jobbigt var det ju. Jag var uppspelt. Men frun \u00e4r barnmorska och ganska cool och van vid extrema situationer och of\u00f6rutsedda saker. Hon sa att \u201cvi klarar oss, du kommer n\u00e4r du kommer.\u201d Hon \u00e4r uppvuxen i en samisk rensk\u00f6tarfamilj d\u00e4r karlarna \u00e4r borta en m\u00e5nad i st\u00f6ten. S\u00e5 det d\u00e4r \u00e4r inget m\u00e4rkv\u00e4rdigt. Den biten gjorde mycket f\u00f6r mig.<\/p>\n\n\n\n<p><strong><em>F\u00f6rs\u00f6kte du ta dig hem?&nbsp;<\/em><\/strong><\/p>\n\n\n\n<p>\u2013 Varje helg f\u00f6rs\u00f6kte jag prata med gr\u00e4nsvakterna. Jag f\u00f6rs\u00f6kte s\u00e4ga att jag har en minder\u00e5rig dotter och familj hemma i Kautokeino. Men de brydde sig inte. Det var helt om\u00f6jligt att diskutera och hitta undantag.&nbsp; Jag var tvungen att acceptera l\u00e4get. Men lite irriterad var jag.<\/p>\n\n\n\n<p>N\u00e4r gr\u00e4nserna var st\u00e4ngda fick Mathias sluta hyra huset p\u00e5 finska sidan. Han var tvungen att stanna i Sverige eftersom finska myndigheter hade st\u00e4ngt gr\u00e4nsen. De ans\u00e5g att sjukv\u00e5rden i omr\u00e5det inte skulle klara ett stort virusutbrott och st\u00e4ngde stora delar av samh\u00e4llet, s\u00e5som skola och universitet. Norge f\u00f6ljde efter. Samtidigt pratade Anders Tegnell, som f\u00f6retr\u00e4dde Sveriges folkh\u00e4lsomyndighet, om att befolkningen skulle f\u00e5 en immunitet. Det hela skapade en situation som var sv\u00e5r att greppa ber\u00e4ttar Tuula Ajanki. Hon \u00e4r VD f\u00f6r Tornedalsr\u00e5det, som i flera decennier jobbat med att fr\u00e4mja samverkan mellan alla som bor och verkar i Tornedalen.<\/p>\n\n\n\n<p>\u2013 Under pandemin fattade alla l\u00e4nder sina egna beslut och det var j\u00e4ttesv\u00e5rt att veta vad som g\u00e4llde. L\u00e4nderna hade ingen gemensam organisation som kommunicerade vad som g\u00e4llde. Man var tvungen att l\u00e4sa i finska f\u00f6rvaltningsv\u00e4sendet, p\u00e5 finska f\u00f6r att ta reda p\u00e5 det.<\/p>\n\n\n<div class=\"wp-block-image\">\n<figure class=\"aligncenter size-large\"><img decoding=\"async\" loading=\"lazy\" width=\"1024\" height=\"606\" src=\"https:\/\/barentsmagazine.com\/karlek\/wp-content\/uploads\/sites\/14\/2022\/11\/narhetenmellanlanderna-1024x606.jpeg\" alt=\"\" class=\"wp-image-43\" srcset=\"https:\/\/barentsmagazine.com\/karlek\/wp-content\/uploads\/sites\/14\/2022\/11\/narhetenmellanlanderna-1024x606.jpeg 1024w, https:\/\/barentsmagazine.com\/karlek\/wp-content\/uploads\/sites\/14\/2022\/11\/narhetenmellanlanderna-300x178.jpeg 300w, https:\/\/barentsmagazine.com\/karlek\/wp-content\/uploads\/sites\/14\/2022\/11\/narhetenmellanlanderna-768x455.jpeg 768w, https:\/\/barentsmagazine.com\/karlek\/wp-content\/uploads\/sites\/14\/2022\/11\/narhetenmellanlanderna-1536x909.jpeg 1536w, https:\/\/barentsmagazine.com\/karlek\/wp-content\/uploads\/sites\/14\/2022\/11\/narhetenmellanlanderna-2048x1213.jpeg 2048w, https:\/\/barentsmagazine.com\/karlek\/wp-content\/uploads\/sites\/14\/2022\/11\/narhetenmellanlanderna-450x266.jpeg 450w, https:\/\/barentsmagazine.com\/karlek\/wp-content\/uploads\/sites\/14\/2022\/11\/narhetenmellanlanderna-1351x800.jpeg 1351w, https:\/\/barentsmagazine.com\/karlek\/wp-content\/uploads\/sites\/14\/2022\/11\/narhetenmellanlanderna-1360x805.jpeg 1360w, https:\/\/barentsmagazine.com\/karlek\/wp-content\/uploads\/sites\/14\/2022\/11\/narhetenmellanlanderna-800x474.jpeg 800w, https:\/\/barentsmagazine.com\/karlek\/wp-content\/uploads\/sites\/14\/2022\/11\/narhetenmellanlanderna-2000x1184.jpeg 2000w\" sizes=\"(max-width: 1024px) 100vw, 1024px\" \/><figcaption class=\"wp-element-caption\"><em>Bilden \u00e4r tagen med blicken mot Sverige precis p\u00e5 gr\u00e4nsen mellan Sverige och Finland. Foto: Lars-Ola Marakatt.<\/em><\/figcaption><\/figure><\/div>\n\n\n<p><strong>I sex veckor f\u00f6rs\u00f6kte Mathias<\/strong> fr\u00e5ga gr\u00e4nsvakterna om han fick \u00e5ka hem, utan att f\u00e5 n\u00e5got geh\u00f6r. Till slut \u00e4ndrades reglerna och Finland accepterade att m\u00e4nniskor boende i grannkommuner i Tornedalen, s\u00e5 kallade gr\u00e4nskommuner, fick passera gr\u00e4nsen om de hade ett negativt covid-19 test.<\/p>\n\n\n\n<p>Idag driver Tornedalsr\u00e5det ett projekt och lobbar f\u00f6r att de nordiska l\u00e4nderna ska f\u00e5 till en organisation och ett b\u00e4ttre n\u00e4tverk d\u00e4r myndigheter ska ha dialog med varandra f\u00f6r att inte vanliga m\u00e4nniskor ska komma i kl\u00e4m om n\u00e5got liknande skulle h\u00e4nda i framtiden.<\/p>\n\n\n<div class=\"wp-block-image\">\n<figure class=\"aligncenter size-large\"><img decoding=\"async\" loading=\"lazy\" width=\"1024\" height=\"683\" src=\"https:\/\/barentsmagazine.com\/karlek\/wp-content\/uploads\/sites\/14\/2022\/11\/grans-1024x683.jpeg\" alt=\"\" class=\"wp-image-45\" srcset=\"https:\/\/barentsmagazine.com\/karlek\/wp-content\/uploads\/sites\/14\/2022\/11\/grans-1024x683.jpeg 1024w, https:\/\/barentsmagazine.com\/karlek\/wp-content\/uploads\/sites\/14\/2022\/11\/grans-300x200.jpeg 300w, https:\/\/barentsmagazine.com\/karlek\/wp-content\/uploads\/sites\/14\/2022\/11\/grans-768x512.jpeg 768w, https:\/\/barentsmagazine.com\/karlek\/wp-content\/uploads\/sites\/14\/2022\/11\/grans-1536x1024.jpeg 1536w, https:\/\/barentsmagazine.com\/karlek\/wp-content\/uploads\/sites\/14\/2022\/11\/grans-2048x1365.jpeg 2048w, https:\/\/barentsmagazine.com\/karlek\/wp-content\/uploads\/sites\/14\/2022\/11\/grans-450x300.jpeg 450w, https:\/\/barentsmagazine.com\/karlek\/wp-content\/uploads\/sites\/14\/2022\/11\/grans-1200x800.jpeg 1200w, https:\/\/barentsmagazine.com\/karlek\/wp-content\/uploads\/sites\/14\/2022\/11\/grans-1360x907.jpeg 1360w, https:\/\/barentsmagazine.com\/karlek\/wp-content\/uploads\/sites\/14\/2022\/11\/grans-800x533.jpeg 800w, https:\/\/barentsmagazine.com\/karlek\/wp-content\/uploads\/sites\/14\/2022\/11\/grans-2000x1333.jpeg 2000w\" sizes=\"(max-width: 1024px) 100vw, 1024px\" \/><figcaption class=\"wp-element-caption\"><em>Foto: Lars-Ola Marakatt.<\/em><\/figcaption><\/figure><\/div>\n\n\n<p>Mathias Larsson vill lyfta just de faktum att barn inte ska beh\u00f6va komma i kl\u00e4m om n\u00e5got liknande skulle h\u00e4nda i framtiden. Idag jobbar han kvar p\u00e5 fj\u00e4llet och hyr \u00e5terigen ett hus p\u00e5 finska sidan och pendlar till Kautokeino d\u00e5 han f\u00e5r ledigt.<\/p>\n\n\n\n<p>\u2013 Jag \u00e4lskar mitt jobb och k\u00e4nner mig prioriterad att f\u00e5 jobba i fj\u00e4ll, skog och mark och kunna styra min egen dag.<\/p>\n\n\n\n<p><em><strong>Hur gjorde du f\u00f6r att h\u00e5lla k\u00e4rleken mellan dig och Inga vid liv?<\/strong><\/em><\/p>\n\n\n\n<p>\u2013 Vi ringde ganska mycket. Vi \u00e4r ganska vana egentligen. Jag kan ibland vara borta flera veckor \u00e4ven om det inte \u00e4r pandemi. N\u00e4r man v\u00e4l tr\u00e4ffas \u00e4r det som en nyt\u00e4ndning varje g\u00e5ng. Jag tror ibland att par och relationer och familjer, att det \u00e4r bra att vara ifr\u00e5n varandra. Man g\u00e5r inte p\u00e5 varandras t\u00e5r utan man ger varandra utrymme. De \u00e4r ett val man g\u00f6r. Inga har till och med sagt \u201cS\u00f6k inte jobb i byn. Det \u00e4r b\u00e4ttre att du \u00e4r p\u00e5 fj\u00e4llet och kommer hem full med energi, ist\u00e4llet f\u00f6r att komma hem varje kv\u00e4ll tom p\u00e5 energi\u201d. N\u00e4r man ses \u00e4r man p\u00e5 hugget, s\u00e4ger Mathias.&nbsp;<\/p>\n\n\n\n<p><em><strong>Hur har er relation p\u00e5verkats av pandemin?<\/strong><\/em><\/p>\n\n\n\n<p>\u2013 Inte j\u00e4ttemycket. Jag och frun \u00e4r bra p\u00e5 att prata om vilken sinnesst\u00e4mning man \u00e4r i och ventilerar mycket. Vi har nog utarbetat en bra relationsteknik. Det kanske \u00e4r s\u00e5 med m\u00e5nga f\u00f6rh\u00e5llanden att man ses varje kv\u00e4ll men man ger inte varandra s\u00e5 mycket uppm\u00e4rksamhet. Konsten \u00e4r att st\u00e4nga av st\u00f6rande moment, se p\u00e5 varandra och prata och umg\u00e5s. Det \u00e4r inte antalet timmar man \u00e4r med varandra utan det man g\u00f6r n\u00e4r man v\u00e4l \u00e4r tillsammans.&nbsp;<\/p>\n\n\n\n<p><strong>Av Lars-Ola Marakatt<\/strong><\/p>\n<div class=\"cats\"><span class=\"cats__title\">Categories<\/span><a href=\"https:\/\/barentsmagazine.com\/karlek\/category\/reportage\/\" rel=\"category tag\">Reportage<\/a><\/div>","protected":false},"excerpt":{"rendered":"<p>Under pandemin st\u00e4lldes k\u00e4rleken till b\u00e5de jobbet och frun Inga p\u00e5 prov n\u00e4r gr\u00e4nserna pl\u00f6tsligt st\u00e4ngdes. F\u00f6r Mathias Larsson har sitt jobb i Sverige, bor i Finland under veckorna samtidigt som han har sin familj i Norge.<\/p>\n","protected":false},"author":3,"featured_media":39,"comment_status":"closed","ping_status":"open","sticky":false,"template":"","format":"standard","meta":[],"categories":[4],"tags":[],"_links":{"self":[{"href":"https:\/\/barentsmagazine.com\/karlek\/wp-json\/wp\/v2\/posts\/35"}],"collection":[{"href":"https:\/\/barentsmagazine.com\/karlek\/wp-json\/wp\/v2\/posts"}],"about":[{"href":"https:\/\/barentsmagazine.com\/karlek\/wp-json\/wp\/v2\/types\/post"}],"author":[{"embeddable":true,"href":"https:\/\/barentsmagazine.com\/karlek\/wp-json\/wp\/v2\/users\/3"}],"replies":[{"embeddable":true,"href":"https:\/\/barentsmagazine.com\/karlek\/wp-json\/wp\/v2\/comments?post=35"}],"version-history":[{"count":6,"href":"https:\/\/barentsmagazine.com\/karlek\/wp-json\/wp\/v2\/posts\/35\/revisions"}],"predecessor-version":[{"id":60,"href":"https:\/\/barentsmagazine.com\/karlek\/wp-json\/wp\/v2\/posts\/35\/revisions\/60"}],"wp:featuredmedia":[{"embeddable":true,"href":"https:\/\/barentsmagazine.com\/karlek\/wp-json\/wp\/v2\/media\/39"}],"wp:attachment":[{"href":"https:\/\/barentsmagazine.com\/karlek\/wp-json\/wp\/v2\/media?parent=35"}],"wp:term":[{"taxonomy":"category","embeddable":true,"href":"https:\/\/barentsmagazine.com\/karlek\/wp-json\/wp\/v2\/categories?post=35"},{"taxonomy":"post_tag","embeddable":true,"href":"https:\/\/barentsmagazine.com\/karlek\/wp-json\/wp\/v2\/tags?post=35"}],"curies":[{"name":"wp","href":"https:\/\/api.w.org\/{rel}","templated":true}]}}