{"id":31,"date":"2022-11-28T10:52:56","date_gmt":"2022-11-28T09:52:56","guid":{"rendered":"https:\/\/barentsmagazine.com\/karlek\/?p=31"},"modified":"2022-11-29T12:57:18","modified_gmt":"2022-11-29T11:57:18","slug":"den-kansliga-konsten-att-na-andra-i-en-polariserad-tid","status":"publish","type":"post","link":"https:\/\/barentsmagazine.com\/karlek\/2022\/11\/28\/den-kansliga-konsten-att-na-andra-i-en-polariserad-tid\/","title":{"rendered":"Den k\u00e4nsliga konsten att n\u00e5 andra i tider av konflikter"},"content":{"rendered":"\n<p class=\"intro\">Det pratas om en allt mer polariserad tid d\u00e4r m\u00e4nniskor f\u00e5r sv\u00e5rare och sv\u00e5rare att n\u00e5 fram till varandra. Hur bem\u00f6ter man egentligen personer av motsatt \u00e5sikt utan att st\u00f6ta bort dem? Och g\u00e5r det att f\u00f6rsonas utan att f\u00f6rl\u00e5ta? Barentsmagasinet kontaktade psykologen Karin Marklund \u2013 som menar att en simpel \u00f6ppen fr\u00e5ga kan \u00f6ppna m\u00e5nga d\u00f6rrar.<\/p>\n\n\n\n<p>N\u00e5got som kan ligga till grund f\u00f6r os\u00e4mja och problem mellan personer \u00e4r att de har v\u00e4ldigt olika \u00e5sikter. I dag talas det om ett allt mer polariserat samh\u00e4llsklimat, b\u00e5de i Sverige och i m\u00e5nga andra l\u00e4nder, d\u00e4r det blir allt sv\u00e5rare att m\u00f6ta personer med andra \u00e5sikter.&nbsp;<\/p>\n\n\n\n<p>Men beh\u00f6ver det egentligen vara s\u00e5 sv\u00e5rt n\u00e4r tv\u00e5 personer har olika st\u00e5ndpunkter? Inte n\u00f6dv\u00e4ndigtvis.&nbsp;<\/p>\n\n\n\n<p>Karin Marklund \u00e4r legitimerad psykolog och arbetar p\u00e5 Rova &amp; Sj\u00f6gren Psykologi AB. Hennes arbetsuppgifter inkluderar samtal, r\u00e5dgivning och psykologisk behandling p\u00e5 f\u00f6retagets mottagning i Ume\u00e5. Hon menar att det ofta finns en r\u00e4dsla som g\u00f6r det sv\u00e5rt f\u00f6r oss att f\u00f6rs\u00f6ka f\u00f6rst\u00e5 personer med \u00e5sikter som vi tycker \u00e4r helt fel eller kanske fr\u00e4mmande.<\/p>\n\n\n\n<p>\u2013 Det \u00e4r bra att st\u00e4lla \u00f6ppna fr\u00e5gor d\u00e4r man f\u00f6rs\u00f6ker vara nyfiken. Hur l\u00e4nge har du tyckt s\u00e5? Var det n\u00e5got s\u00e4rskilt som gjorde att du b\u00f6rjade t\u00e4nka p\u00e5 det s\u00e4ttet? Att f\u00f6rs\u00f6ka utforska och l\u00e4gga k\u00e4nslorna lite grann \u00e5t sidan \u00e4r bra, f\u00f6r d\u00e5 kan man utforska ur ett nyfiket perspektiv, s\u00e4ger hon.<\/p>\n\n\n<div class=\"wp-block-image\">\n<figure class=\"alignright size-large is-resized\"><img decoding=\"async\" loading=\"lazy\" src=\"http:\/\/barentsmagazine.com\/karlek\/wp-content\/uploads\/sites\/14\/2022\/11\/karin_122-683x1024.jpg\" alt=\"Karin Marklund, psykolog i Ume\u00e5. Foto: Frida Ekman.\" class=\"wp-image-32\" width=\"770\" height=\"1154\" srcset=\"https:\/\/barentsmagazine.com\/karlek\/wp-content\/uploads\/sites\/14\/2022\/11\/karin_122-683x1024.jpg 683w, https:\/\/barentsmagazine.com\/karlek\/wp-content\/uploads\/sites\/14\/2022\/11\/karin_122-200x300.jpg 200w, https:\/\/barentsmagazine.com\/karlek\/wp-content\/uploads\/sites\/14\/2022\/11\/karin_122-768x1152.jpg 768w, https:\/\/barentsmagazine.com\/karlek\/wp-content\/uploads\/sites\/14\/2022\/11\/karin_122-1024x1536.jpg 1024w, https:\/\/barentsmagazine.com\/karlek\/wp-content\/uploads\/sites\/14\/2022\/11\/karin_122-1365x2048.jpg 1365w, https:\/\/barentsmagazine.com\/karlek\/wp-content\/uploads\/sites\/14\/2022\/11\/karin_122-450x675.jpg 450w, https:\/\/barentsmagazine.com\/karlek\/wp-content\/uploads\/sites\/14\/2022\/11\/karin_122-533x800.jpg 533w, https:\/\/barentsmagazine.com\/karlek\/wp-content\/uploads\/sites\/14\/2022\/11\/karin_122-1360x2040.jpg 1360w, https:\/\/barentsmagazine.com\/karlek\/wp-content\/uploads\/sites\/14\/2022\/11\/karin_122-800x1200.jpg 800w, https:\/\/barentsmagazine.com\/karlek\/wp-content\/uploads\/sites\/14\/2022\/11\/karin_122-2000x3000.jpg 2000w, https:\/\/barentsmagazine.com\/karlek\/wp-content\/uploads\/sites\/14\/2022\/11\/karin_122-scaled.jpg 1707w\" sizes=\"(max-width: 770px) 100vw, 770px\" \/><figcaption class=\"wp-element-caption\"><em>Foto: Frida Ekman.<\/em><\/figcaption><\/figure><\/div>\n\n\n<p><strong><em>Om man v\u00e4nder p\u00e5 resonemanget. Hur n\u00e5r jag sj\u00e4lv fram till en person med motsatt \u00e5sikt utan att st\u00f6ta bort denne?<\/em><\/strong><\/p>\n\n\n\n<p>\u2013 En bra utg\u00e5ngspunkt \u00e4r att verbalisera att det h\u00e4r \u00e4r n\u00e5got som vi tycker v\u00e4ldigt olika om. Men om jag f\u00e5r f\u00f6rklara hur jag t\u00e4nker kan man \u00e4ven d\u00e4r vara \u00f6ppen, s\u00e4ger Marklund.<\/p>\n\n\n\n<p>M\u00e5let b\u00f6r prim\u00e4rt inte vara att f\u00f6rs\u00f6ka f\u00f6r\u00e4ndra den andres \u00e5sikter. Det brukar kunna vara ganska sv\u00e5rt.<\/p>\n\n\n\n<p>\u2013 S\u00e5 jag tror mer p\u00e5 en diskussion kring det n\u00e4r man tycker olika, utan att man ska ha som baktanke att man vill \u00e4ndra p\u00e5 den andra personen, s\u00e4ger Marklund.&nbsp;<\/p>\n\n\n\n<p>Men hur g\u00f6r man om n\u00e5gon gjort n\u00e5got mer \u00e4n att tycka olika, om man faktiskt blivit s\u00e5rad? Marklund betonar att m\u00e4nniskor s\u00e5rar och g\u00f6r illa varandra ibland. Men det beh\u00f6ver inte betyda att m\u00e4nniskor vill illa.<\/p>\n\n\n\n<p>\u2013 Det blir fel ibland. Om man vill reparera en relation beh\u00f6ver man vara lite \u00f6dmjuk inf\u00f6r det, s\u00e4ger hon.<\/p>\n\n\n\n<p><strong>N\u00e4r det handlar om trasiga <\/strong>relationer \u00e4r hon \u00f6vertygad om att m\u00e4nniskor som vill hitta tillbaka till varandra har goda m\u00f6jligheter att g\u00f6ra det.<\/p>\n\n\n\n<p>\u2013 Ibland blir det fel. Men ibland f\u00e5r man inte n\u00e5got riktigt bra svar p\u00e5 varf\u00f6r det blev fel. Men om relationen \u00e4r viktig f\u00f6r mig kanske jag beh\u00f6ver sl\u00e4ppa vissa saker som har h\u00e4nt, s\u00e4ger hon.<\/p>\n\n\n\n<p>Marklund menar att det \u00e4r viktigt att fundera p\u00e5 vad personer som vill reparera en relation av n\u00e5got slag har f\u00f6r f\u00f6rhoppningar. Vad \u00e4r det som jag l\u00e4ngtar efter? Vad \u00e4r det som jag vill f\u00e5 ut av det? Vad saknar jag?<\/p>\n\n\n\n<p>\u2013 De b\u00e4sta f\u00f6ruts\u00e4ttningarna finns om b\u00e5da \u00e4r klart villiga att reparera relationen. Det kan vara sv\u00e5rt annars.<\/p>\n\n\n\n<p>Hon vidareutvecklar:<\/p>\n\n\n\n<p>\u2013 Sen t\u00e4nker jag att det sv\u00e5ra kan vara att lyssna p\u00e5 den andres perspektiv. Det \u00e4r viktigt att v\u00e5ga vara \u00f6ppen f\u00f6r att vi har olika syn p\u00e5 saker och ting. Den andre personen kan uppleva att jag har s\u00e5rat och jag kan uppleva att den andre har s\u00e5rat. Det beh\u00f6ver inte betyda att n\u00e5gon har r\u00e4tt eller fel. Men man beh\u00f6ver ha ett \u00f6ppet sinne, s\u00e4ger hon.<\/p>\n\n\n\n<p><strong>Inom parterapin tycker hon<\/strong> att det \u00e4r viktigt att man ger b\u00e5da parter utrymme att ber\u00e4tta sin upplevelse \u2013 utan att bli ifr\u00e5gasatt eller avbruten av den andre. Det \u00e4r ocks\u00e5 viktigt att man ger de inblandade m\u00f6jlighet att ta emot den andres ber\u00e4ttelse och syn p\u00e5 saken.&nbsp;<\/p>\n\n\n\n<p>\u2013 F\u00f6r d\u00e5 kan man fr\u00e5ga vilka reaktioner som kommer n\u00e4r du h\u00f6r det h\u00e4r. Vad v\u00e4cker det f\u00f6r reaktioner hos dig?&nbsp;<\/p>\n\n\n\n<p>Marklund understryker att det kan vara f\u00f6rdelaktigt att ha ett gemensamt m\u00e5l som utg\u00e5ngspunkt. Det kan exempelvis vara att ha en relation som den var f\u00f6rut eller att kunna sl\u00e4ppa gamla konflikter.<\/p>\n\n\n\n<p>\u2013 Det \u00e4r bra att konkretisera vad det \u00e4r som vi vill komma fram till i f\u00f6rsoningsprocessen, s\u00e4ger hon.<\/p>\n\n\n\n<p><strong>Just begreppet f\u00f6rsoning<\/strong> fl\u00e4tas ofta samman med f\u00f6rl\u00e5telse. Men \u00e4r det egentligen ett m\u00e5ste att f\u00f6rl\u00e5ta f\u00f6r att kunna f\u00f6rsonas?<\/p>\n\n\n\n<p>\u2013 Nej, det tycker jag inte, menar Marklund.<\/p>\n\n\n\n<p>Hon ser p\u00e5 f\u00f6rsoning som n\u00e5got som snarare handlar om individen. Hur individen f\u00f6rsonas med sig sj\u00e4lv, sina upplevelser och vad man har varit med om f\u00f6r att i slut\u00e4ndan kunna leva ett meningsfullt liv.<\/p>\n\n\n\n<p>\u2013 S\u00e5 h\u00e4r illa har det varit f\u00f6r mig. Nu f\u00e5r jag f\u00f6rs\u00f6ka hitta en f\u00f6rsoning och acceptera det som har varit och f\u00f6rs\u00f6ka leva ett gott liv trots det eller med det i bagaget.<\/p>\n\n\n\n<p><strong>Det finns saker som inte g\u00e5r att f\u00f6rl\u00e5ta.<\/strong> F\u00f6rsoning handlar, enligt Karin Marklund, snarare om hur individen sj\u00e4lv kan hantera det som den har varit med om.<\/p>\n\n\n\n<p>\u2013 Det kan vara att man inte alltid f\u00e5r den d\u00e4r urs\u00e4kten eller ansvarstagandet som man kanske skulle beh\u00f6va f\u00f6r att en annan person har gjort det den har gjort. Det \u00e4r inte alltid att man f\u00e5r svar p\u00e5 det som man \u00f6nskar. Ska jag forts\u00e4tta att jaga det svaret eller urs\u00e4kten eller f\u00f6rs\u00f6ka f\u00f6rsonas med att det blev s\u00e5 och att jag aldrig f\u00e5r en urs\u00e4kt? Hur mycket ska jag l\u00e5ta det p\u00e5verka mitt liv fr\u00e5n nu och fram\u00e5t?<\/p>\n\n\n\n<p><strong>Av Karl Sundstr\u00f6m<\/strong><\/p>\n<div class=\"cats\"><span class=\"cats__title\">Categories<\/span><a href=\"https:\/\/barentsmagazine.com\/karlek\/category\/intervju\/\" rel=\"category tag\">Intervju<\/a><\/div>","protected":false},"excerpt":{"rendered":"<p>Hur bem\u00f6ter man egentligen personer av motsatt \u00e5sikt utan att st\u00f6ta bort dem? Och g\u00e5r det att f\u00f6rsonas utan att f\u00f6rl\u00e5ta? Barentsmagasinet kontaktade psykologen Karin Marklund \u2013 som menar att en simpel \u00f6ppen fr\u00e5ga kan \u00f6ppna m\u00e5nga d\u00f6rrar.<\/p>\n","protected":false},"author":3,"featured_media":58,"comment_status":"closed","ping_status":"open","sticky":false,"template":"","format":"standard","meta":[],"categories":[7],"tags":[],"_links":{"self":[{"href":"https:\/\/barentsmagazine.com\/karlek\/wp-json\/wp\/v2\/posts\/31"}],"collection":[{"href":"https:\/\/barentsmagazine.com\/karlek\/wp-json\/wp\/v2\/posts"}],"about":[{"href":"https:\/\/barentsmagazine.com\/karlek\/wp-json\/wp\/v2\/types\/post"}],"author":[{"embeddable":true,"href":"https:\/\/barentsmagazine.com\/karlek\/wp-json\/wp\/v2\/users\/3"}],"replies":[{"embeddable":true,"href":"https:\/\/barentsmagazine.com\/karlek\/wp-json\/wp\/v2\/comments?post=31"}],"version-history":[{"count":8,"href":"https:\/\/barentsmagazine.com\/karlek\/wp-json\/wp\/v2\/posts\/31\/revisions"}],"predecessor-version":[{"id":62,"href":"https:\/\/barentsmagazine.com\/karlek\/wp-json\/wp\/v2\/posts\/31\/revisions\/62"}],"wp:featuredmedia":[{"embeddable":true,"href":"https:\/\/barentsmagazine.com\/karlek\/wp-json\/wp\/v2\/media\/58"}],"wp:attachment":[{"href":"https:\/\/barentsmagazine.com\/karlek\/wp-json\/wp\/v2\/media?parent=31"}],"wp:term":[{"taxonomy":"category","embeddable":true,"href":"https:\/\/barentsmagazine.com\/karlek\/wp-json\/wp\/v2\/categories?post=31"},{"taxonomy":"post_tag","embeddable":true,"href":"https:\/\/barentsmagazine.com\/karlek\/wp-json\/wp\/v2\/tags?post=31"}],"curies":[{"name":"wp","href":"https:\/\/api.w.org\/{rel}","templated":true}]}}